{"id":2293,"date":"2025-03-09T16:34:28","date_gmt":"2025-03-09T15:34:28","guid":{"rendered":"https:\/\/skiclublavey.ch\/?p=2293"},"modified":"2025-03-09T16:34:31","modified_gmt":"2025-03-09T15:34:31","slug":"resume-de-cloture-camp-oj-2025","status":"publish","type":"post","link":"https:\/\/skiclublavey.ch\/?p=2293","title":{"rendered":"R\u00e9sum\u00e9 de Cl\u00f4ture Camp OJ 2025"},"content":{"rendered":"\n<p><strong>R\u00e9sum\u00e9 de cl\u00f4ture Camp OJ 2025 (3 au 8 Mars)<\/strong>&nbsp;<\/p>\n\n\n\n<p>Nous avons sans aucun doute pass\u00e9 encore une fois une super semaine, mais \u00e7a vous le saviez\u202f!\u202f\ud83d\ude09&nbsp;<\/p>\n\n\n\n<p>Allez, c\u2019est parti pour un petit tour de la semaine afin de raviver la m\u00e9moire de vos enfants.&nbsp;<\/p>\n\n\n\n<p><strong>Lundi\u202f:<\/strong>&nbsp; 10h, d\u00e9part de Lavey avec Amandine, Damien, Marion, Thomas, Tristan, avec tout le mat\u00e9riel, Merci \u00e0 Brice qui est venu avec la remorque afin de faciliter le transport jusqu\u2019au parc et ensuite avec le rattrack. 13 enfants \u00e0 v\u00e9hiculer avec sacs et mat\u00e9riel. La Team cuisine s\u2019est organis\u00e9e en parall\u00e8le et ce f\u00fbt nickel\u202f! Aux environs des midi tout \u00e9tait rang\u00e9 et les enfants avait pris possession de leur place au dortoir. La m\u00e9t\u00e9o nous a g\u00e2t\u00e9 et on a pu d\u2019entr\u00e9e manger notre Pic-Nic dehors sur la terrasse.&nbsp; Exploration des pistes l\u2019apr\u00e8s-midi pour les nouveaux et skis bien s\u00fbr\u202f! Mise en place du planning vaisselle de la semaine (et oui) Activit\u00e9 du premier soir apr\u00e8s le repas et la toilettes un petit Loup Garou en groupe qui \u00e9tait tr\u00e8s dr\u00f4le\u202f! Merci Marion pour la gestion.&nbsp;&nbsp;<\/p>\n\n\n\n<p><strong>Mardi\u202f:<\/strong> C\u2019est parti, premier \u00e9chauffement sur la bosse de la semaine donn\u00e9 par Damien, \u00e7a ne plait jamais \u00e0 tout le monde mais il me semble que \u00e7a n\u2019a pas trop r\u00e2ler\u202f\ud83d\ude09 Mise en place des groupes pour s\u2019entra\u00eener aux m\u00e9dailles ( y en a qui n\u2019\u00e9tait vraiment pas content de refaire du chasse-neige)\u202f\ud83d\ude09 Fin de matin\u00e9e Damien Thomas et Tristan sont all\u00e9 piqueter le slalom parall\u00e8le pour \u00eatre pr\u00eat l\u2019apr\u00e8s-midi, et apr\u00e8s manger on est parti faire le slalom parall\u00e8le dans le but de cr\u00e9er les groupes de notre slalom de la semaine. Une fois termin\u00e9 et rang\u00e9, un petit go\u00fbter en terrasse et encore du ski. Arriv\u00e9e de Cora pour 3 jours qui a ravi les filles. Apr\u00e8s le repas et la toilette, on a fait une petite remise des prix du slalom du jour, \u00e7a motive\u202f! tout le monde se rhabille et on est all\u00e9 griller quelques Marshmallows sur le feu. Apr\u00e8s un brossage de dents, une histoire et au lit.&nbsp;<\/p>\n\n\n\n<p><strong>Mercredi\u202f:<\/strong> Rituel du r\u00e9veil, d\u00e9jeuner et vaisselle pour certains, \u00e9chauffement par Thomas cette fois et c\u2019\u00e9tait parti pour une nouvelle journ\u00e9e. On a Tobias qui a malheureusement du redescendre car il n\u2019\u00e9tait pas tr\u00e8s en forme. Entra\u00eenement des m\u00e9dailles le matin, snowboard l\u2019apr\u00e8s-midi pour d\u2019autres, encore une belle journ\u00e9e et une activit\u00e9 du soir qui \u00e9tait une premi\u00e8re. Un petit Loto en attendant qui permet de choisir son no de dossard pour le concours. Arriv\u00e9e d\u2019Antoine pour la fin de la semaine et la descente aux flambeaux a ski de nuit. Je crois que c\u2019\u00e9tait un succ\u00e8s qui sera certainement renouveler, tous le monde a appr\u00e9ci\u00e9. Merci \u00e0 Antoine pour l\u2019id\u00e9e et \u00e0 tous les monos pr\u00e9sents pour l\u2019aide.&nbsp;<\/p>\n\n\n\n<p><strong>Jeudi\u202f:<\/strong> Journ\u00e9e sp\u00e9ciale, nous avons \u00e9t\u00e9 invit\u00e9s pour une visite de la caserne, ils sont m\u00eame venus nous chercher en Duro, je crois que tout le monde a appr\u00e9cier cette exp\u00e9dition avec le repas de midi pris sur place. Retour sur nos pistes et arriv\u00e9e d\u2019Amandine, Loan et Santana pour 2-3 jours, pr\u00e9paration du traditionnel rally avec diff\u00e9rents postes par \u00e9quipe, toujours un succ\u00e8s. Apr\u00e8s \u00e7a il y avait la fameuse soir\u00e9e Boom, orgais\u00e9e par Cora et Santana qui se fait apr\u00e8s le repas, cette ann\u00e9e le th\u00e8me \u00e9tait CHIC et tout le monde s\u2019est bien amus\u00e9\u202f\ud83d\ude09 Journ\u00e9e bien charg\u00e9e.&nbsp;<\/p>\n\n\n\n<p><strong>Vendredi\u202f<\/strong>: On ne l\u2019a pas vu arriver et c\u2019est d\u00e9j\u00e0 vendredi, grosse journ\u00e9e en perspective. Echauffement donn\u00e9 par Loan, ils ont d\u00fb \u00eatre ravis j\u2019en suis s\u00fbre\u202f\ud83d\ude09 Dernier entrainement de m\u00e9dailles le matin et piquetage du slalom, premier d\u00e9part pr\u00e9vu pour 11h. On a pris la d\u00e9cision de le placer \u00e0 ce moment la car les conditions \u00e9tait meilleur, trop gel\u00e9 le matin. Deuxi\u00e8me manche apr\u00e8s manger, tout s\u2019est bien pass\u00e9 et Merci aux parents qui se sont d\u00e9plac\u00e9s, c\u2019est important d\u2019avoir du monde pour les encourager. Une fois le slalom fini, c\u2019\u00e9tait parti pour la deuxi\u00e8me session de passage de niveaux et de longs d\u00e9bats qui s\u2019en suivent. Fin de journ\u00e9e avec jeux et d\u00e9buts de rangements des dortoirs, et une remise des prix de la semaine.&nbsp;<\/p>\n\n\n\n<p><em>Meilleur danseur \u00e0 la Boom<\/em> <em><strong>L\u00e9o<\/strong><\/em>\u00a0<br><em>Le plus aidant<\/em> <em><strong>L\u00e9o<\/strong><\/em>\u00a0<br><em>La chute de la semaine<\/em> <em><strong>Luan<\/strong> <\/em>\u00a0<br><em>Le plus malin<\/em> <strong><em>Thibault<\/em>\u00a0<\/strong><br><em>Le plus motiv\u00e9 \u00e0 skier<\/em> <em><strong>Tobias<\/strong> (inarr\u00eatable)<\/em>\u00a0<br><em>Le plus en retard sur la bosse<\/em> <strong><em>Diego<\/em>\u00a0<\/strong><\/p>\n\n\n\n<p><strong>Samedi\u202f:<\/strong> \u00c7a y est s\u2019est fini, r\u00e9veil un peu plus tranquille, et apr\u00e8s le d\u00e9jeuner c\u2019est rangement et nettoyage, sortir les sacs etc\u2026 Apr\u00e8s \u00e7a, ben vous \u00e9tiez tous l\u00e0, vous connaissez la fin\u202f! Remise des prix du slalom, et rendu des enfants aux parents. Merci d\u2019\u00eatre venu les rechercher\u202f\ud83d\ude09&nbsp;<\/p>\n\n\n\n<p>Vous trouverez en bas de page la feuille officielle du classement.&nbsp;<\/p>\n\n\n\n<p>Tous n\u2019est certainement pas dit, il y a des oublis mais ce dont je suis s\u00fbre c\u2019est que les enfants et nous m\u00eame on a pass\u00e9 une super semaine, la m\u00e9t\u00e9o \u00e0 \u00e9t\u00e9 tr\u00e8s sympa avec nous, on a eu assez de neige et c\u2019\u00e9tait top.&nbsp;<\/p>\n\n\n\n<p>Mais tout \u00e7a n\u2019a pas lieu sans eux\u202f:&nbsp;&nbsp;<\/p>\n\n\n\n<p><strong>Amandine, Antoine, Cora, Damien, Santana, Tristan, Thomas, Marion et Loan<\/strong> que je remercie encore une fois, ils sont toujours de bonne humeur, ils r\u00e2lent jamais et sont toujours motiv\u00e9s.&nbsp;&nbsp;<\/p>\n\n\n\n<p>Mais il ne faut pas oublier les travailleurs dans l\u2019ombre, car je peux vous le dire la <strong>Team Cuisine<\/strong> elle ch\u00f4me pas, du d\u00e9jeuner aux collations matin et soir, les repas midi et soir et tout ce qui va avec et bien Bravo\u202f\u00e0 eux. <strong>Christian<\/strong> pour sa premi\u00e8re ann\u00e9e avec nous, <strong>Naoual<\/strong> aussi sur 3 jours, <strong>Nath<\/strong> casi toute la semaine avec les id\u00e9es repas et quantit\u00e9s etc, et <strong>Joelle<\/strong> qui est venue d\u00e8s mercredi. <strong>M\u00e9lissa<\/strong> est aussi venue aider une journ\u00e9e.&nbsp;<\/p>\n\n\n\n<p>Merci aussi \u00e0 la Team Rattrack de la semaine, Brice lundi et Johnny pour la suite\u202f!&nbsp;<\/p>\n\n\n\n<p>Merci Marc-Antoine pour les Hots Dogs du samedi\u202f\ud83d\ude09&nbsp;<\/p>\n\n\n\n<p>Et les principaux acteurs de cette semaine incroyable sont\u202f:&nbsp;&nbsp;<\/p>\n\n\n\n<p><strong>Angie \u2013 Diego\u202f\u2013 Emily \u2013 Emeline \u2013 L\u00e9o \u2013 Liam \u2013 Luan \u2013 Noa \u2013 Sixtine \u2013 Solal \u2013 T\u00e9o \u2013 Thibault \u2013 Tobias \u2013 Yannis<\/strong>&nbsp;<\/p>\n\n\n\n<p>J\u2019esp\u00e8re tous vous revoir l\u2019ann\u00e9e prochaine pour de nouvelles aventures\u202f!&nbsp;<\/p>\n\n\n\n<p><em>Sa\u00efda pour la Team OJ<\/em>&nbsp;<\/p>\n\n\n\n<div data-wp-interactive=\"core\/file\" class=\"wp-block-file\"><object data-wp-bind--hidden=\"!state.hasPdfPreview\" hidden class=\"wp-block-file__embed\" data=\"https:\/\/skiclublavey.ch\/wp-content\/uploads\/Resultats-Slalom-OJ-2025.pdf\" type=\"application\/pdf\" style=\"width:100%;height:600px\" aria-label=\"Contenu embarqu\u00e9 R\u00e9sultats Slalom OJ 2025.\"><\/object><a id=\"wp-block-file--media-1ebb7f4b-81c5-445f-87a5-159a283ffcc7\" href=\"https:\/\/skiclublavey.ch\/wp-content\/uploads\/Resultats-Slalom-OJ-2025.pdf\">R\u00e9sultats Slalom OJ 2025<\/a><a href=\"https:\/\/skiclublavey.ch\/wp-content\/uploads\/Resultats-Slalom-OJ-2025.pdf\" class=\"wp-block-file__button wp-element-button\" download aria-describedby=\"wp-block-file--media-1ebb7f4b-81c5-445f-87a5-159a283ffcc7\">T\u00e9l\u00e9charger<\/a><\/div>\n","protected":false},"excerpt":{"rendered":"<p>R\u00e9sum\u00e9 de cl\u00f4ture Camp OJ 2025 (3 au 8 Mars)&nbsp; Nous avons sans aucun doute pass\u00e9 encore une fois une super semaine, mais \u00e7a vous le saviez\u202f!\u202f\ud83d\ude09&nbsp; Allez, c\u2019est parti pour un petit tour de la semaine afin de raviver la m\u00e9moire de vos enfants.&nbsp; Lundi\u202f:&nbsp; 10h, d\u00e9part de Lavey avec Amandine, Damien, Marion, Thomas, [&hellip;]<\/p>\n","protected":false},"author":2,"featured_media":0,"comment_status":"open","ping_status":"open","sticky":false,"template":"","format":"standard","meta":{"ngg_post_thumbnail":0,"jetpack_post_was_ever_published":false,"_jetpack_newsletter_access":"","_jetpack_dont_email_post_to_subs":false,"_jetpack_newsletter_tier_id":0,"_jetpack_memberships_contains_paywalled_content":false,"_jetpack_memberships_contains_paid_content":false,"footnotes":"","jetpack_publicize_message":"","jetpack_publicize_feature_enabled":true,"jetpack_social_post_already_shared":true,"jetpack_social_options":{"image_generator_settings":{"template":"highway","default_image_id":0,"font":"","enabled":false},"version":2}},"categories":[2],"tags":[],"class_list":["post-2293","post","type-post","status-publish","format-standard","hentry","category-oj"],"aioseo_notices":[],"views":"","jetpack_publicize_connections":[],"jetpack_featured_media_url":"","jetpack_sharing_enabled":true,"jetpack_shortlink":"https:\/\/wp.me\/p7Sgjo-AZ","jetpack_likes_enabled":true,"_links":{"self":[{"href":"https:\/\/skiclublavey.ch\/index.php?rest_route=\/wp\/v2\/posts\/2293","targetHints":{"allow":["GET"]}}],"collection":[{"href":"https:\/\/skiclublavey.ch\/index.php?rest_route=\/wp\/v2\/posts"}],"about":[{"href":"https:\/\/skiclublavey.ch\/index.php?rest_route=\/wp\/v2\/types\/post"}],"author":[{"embeddable":true,"href":"https:\/\/skiclublavey.ch\/index.php?rest_route=\/wp\/v2\/users\/2"}],"replies":[{"embeddable":true,"href":"https:\/\/skiclublavey.ch\/index.php?rest_route=%2Fwp%2Fv2%2Fcomments&post=2293"}],"version-history":[{"count":1,"href":"https:\/\/skiclublavey.ch\/index.php?rest_route=\/wp\/v2\/posts\/2293\/revisions"}],"predecessor-version":[{"id":2295,"href":"https:\/\/skiclublavey.ch\/index.php?rest_route=\/wp\/v2\/posts\/2293\/revisions\/2295"}],"wp:attachment":[{"href":"https:\/\/skiclublavey.ch\/index.php?rest_route=%2Fwp%2Fv2%2Fmedia&parent=2293"}],"wp:term":[{"taxonomy":"category","embeddable":true,"href":"https:\/\/skiclublavey.ch\/index.php?rest_route=%2Fwp%2Fv2%2Fcategories&post=2293"},{"taxonomy":"post_tag","embeddable":true,"href":"https:\/\/skiclublavey.ch\/index.php?rest_route=%2Fwp%2Fv2%2Ftags&post=2293"}],"curies":[{"name":"wp","href":"https:\/\/api.w.org\/{rel}","templated":true}]}}