{"id":1963,"date":"2023-02-26T18:24:05","date_gmt":"2023-02-26T17:24:05","guid":{"rendered":"https:\/\/skiclublavey.ch\/?p=1963"},"modified":"2023-02-26T18:24:09","modified_gmt":"2023-02-26T17:24:09","slug":"resume-de-cloture-semaine-oj-2023","status":"publish","type":"post","link":"https:\/\/skiclublavey.ch\/?p=1963","title":{"rendered":"R\u00e9sum\u00e9 de Cl\u00f4ture Semaine OJ 2023"},"content":{"rendered":"\n<p>Voil\u00e0 c\u2019est termin\u00e9, avec un peu de m\u00e9lancolie car cela fut encore une semaine incroyablement r\u00e9ussie.&nbsp;<\/p>\n\n\n\n<p>Avant de vous d\u00e9tailler la semaine, il faut dire que beaucoup avait des doutes qu\u2019elle ait lieu, le manque de neige \u00e9tant bien pr\u00e9sent, mais nous on n&rsquo;a pas douter une seconde et on a bien eu raison. Oui il nous a manqu\u00e9 de la neige, oui on a d\u00fb slalomer entre les cailloux et les mottes d\u2019herbes, mais non \u00e7a ne nous a pas emp\u00eacher de skier, de s\u2019amuser, de rigoler et surtout les enfants n\u2019ont pas moins eu envie de skier.&nbsp;<\/p>\n\n\n\n<p>Allez, on vous d\u00e9voile les d\u00e9tails journaliers :&nbsp;&nbsp;<\/p>\n\n\n\n<p><strong>Lundi<\/strong> : D\u00e9part pour les Martinaux avec une sacr\u00e9e organisation, car il y avait 23 enfants a v\u00e9hiculer en plus de la nourriture, du mat\u00e9riel, des sacs etc&#8230; Arriv\u00e9e sur place on constate l\u2019\u00e9tat des pistes et de la remont\u00e9e t\u00e9l\u00e9ski. On s\u2019organise la mise en place en dortoir, on skie, on d\u00e9couvre les niveaux de skis des enfants. Fin de journ\u00e9e il est temps de g\u00e9rer la vie en communaut\u00e9 avant le repas et les groupes pour aller se laver. Activit\u00e9 du jour, chasse au b\u00e2tons lumineux dehors une fois la nuit tomb\u00e9e. Succ\u00e8s garanti et on a constat\u00e9 qu\u2019ils \u00e9taient rapides et efficaces.&nbsp;&nbsp;<\/p>\n\n\n\n<p><strong>Mardi<\/strong> : Premier \u00e9chauffement de la semaine sur la bosse derri\u00e8re le chalet, mise en place des groupes pour travailler les niveaux. L\u2019apr\u00e8s-midi il y a eu le slalom parall\u00e8le, activit\u00e9 toujours appr\u00e9ci\u00e9e et qui nous sert de base pour cr\u00e9er des groupes \u00e9quitables du slalom du samedi.&nbsp;<br>Une belle journ\u00e9e chaude et ensoleill\u00e9e, fin de journ\u00e9e nickel et activit\u00e9 du jour, marshmallows a griller pour le dessert et \u00e9videmment des jeux dans la neige, parfait avant une bonne nuit de sommeil.&nbsp;<\/p>\n\n\n\n<p><strong>Mercredi<\/strong> : On prend les m\u00eames et on recommence, r\u00e9veil, d\u00e9jeuner, passage brossage de dents etc, et c\u2019est parti pour un \u00e9chauffement, groupes pour travailler les niveaux le matin. L\u2019apr\u00e8s-midi les enfants ayant la m\u00e9daille d\u2019argent de niveaux ont la possibilit\u00e9 d\u2019aller s\u2019essayer au snowboard, pour les autres \u00e7a skie. Il y a eu \u00e9galement la journ\u00e9e avec des affiches sur chaque pyl\u00f4ne du t\u00e9l\u00e9ski, le but \u00e9tait de trouver un r\u00e9sultat math\u00e9matique et aller donner le r\u00e9sultat au chalet. L\u2019ann\u00e9e pass\u00e9e c\u2019\u00e9tait un peu facile et l\u00e0 je crois que ce fut plut\u00f4t difficile \ud83d\ude09. Deuxi\u00e8me grande activit\u00e9 du jour, le rallye et ces diff\u00e9rents posts a faire en groupe :&nbsp;&nbsp;<\/p>\n\n\n\n<p>1\/ Les \u00e9nigmes du p\u00e8re Fouras 2\/ D\u00e9gustation de boisson a l\u2019aveugle 3\/ Atelier m\u00eemes&nbsp;&nbsp;&nbsp;&nbsp;&nbsp;&nbsp;&nbsp; 4\/ Liste d&rsquo;objets a trouver dans un cercle d\u00e9fini    5\/ Parcours d\u2019obstacles&nbsp;<\/p>\n\n\n\n<p>Tout s\u2019est bien pass\u00e9 et tout le monde a rigol\u00e9, la pluie est venue sur la fin du rallye mais \u00e7a n\u2019a pas emp\u00eacher de le terminer. Suivi des habitudes, passage pour se laver, changer, repas, brossage de dents et remise des prix du rallye. Hop au dodo&#8230;&nbsp;<\/p>\n\n\n\n<p><strong>Jeudi<\/strong> : La pluie ayant donn\u00e9 des pistes tr\u00e8s gel\u00e9es le matin, on leur a laiss\u00e9 une petite heure de sommeil en plus. Apr\u00e8s \u00e9chauffement ce n\u2019\u00e9tait toujours pas top, du coup les monos on cr\u00e9e des jeux, il y a eu un cache-cache ou les enfants devait retrouver deux monos et un a ski ou les enfants se cachait en groupe sur la piste ! Je crois, en fait je sais que cela a beaucoup plus aux enfants. L&rsquo;apr\u00e8s-midi nous avons pu reprendre le ski pour continuer les entrainements pour passer les niveaux le lendemain et snowboard pour ceux qui pouvait et voulait. Fin de journ\u00e9e habituelle, sauf que c\u2019est le jour de la BOOM !! Avant \u00e7a il y a eu la remise des prix dr\u00f4les de la semaine et ensuite tout le monde au dortoir afin de pr\u00e9parer la piste de danse etc, soir\u00e9e mythique, on a d\u00e9couvert de futurs grands talents \ud83d\ude09&nbsp;<\/p>\n\n\n\n<p><strong>Vendredi<\/strong> : C\u2019est le grand jour des passages de niveaux, on a pr\u00e9f\u00e9r\u00e9 faire \u00e7a l\u2019apr\u00e8s-midi pour avoir des pistes plus agr\u00e9ables, donc encore un peu d\u2019entrainements le matin. Tout s\u2019est tr\u00e8s bien pass\u00e9 et plusieurs ont \u00e9t\u00e9 \u00e9tonn\u00e9s de leur r\u00e9sultats. Avant dernier jour, donc une fois la remise des prix faites, une toilette faite, il a fallu organiser le pr\u00e9 rangements des sacs et dortoir. Apr\u00e8s le repas un loto pour le tirage au sort des dossards.&nbsp;<\/p>\n\n\n\n<p><strong>Samedi <\/strong>: Vous connaissez la grande partie de la journ\u00e9e, avant \u00e7a on a ranger, fait les sacs, pr\u00e9parer, s\u2019\u00e9chauffer, reconnaitre le slalom. Ce fut une tr\u00e8s belle journ\u00e9e malgr\u00e9 le temps incertains et une piste pas parfaite, une belle remise des prix et pleins de sourire.&nbsp;<\/p>\n\n\n\n<p>Voil\u00e0, une semaine r\u00e9ussie, des enfants heureux et souriants, de notre c\u00f4t\u00e9 on am\u00e9liore chaque ann\u00e9e notre semaine. Pour les oublis je compte sur vos enfants pour vous les raconter.&nbsp;<\/p>\n\n\n\n<p>Je termine avec les remerciements qui sont tr\u00e8s importants, car sans eux \u00e7a n\u2019a pas lieu et ils sont investi et d\u2019une confiance imparable : <strong>Amandine, Antoine, Cora, Damien, Ewan, Loan, Norbert, Santana, Tristan, Thomas<\/strong>. Merci \u00e9galement aux aides moniteurs\/trices <strong>Marion et Nora.<\/strong>&nbsp;<\/p>\n\n\n\n<p>Team Cuisine, <strong>Nath, Anne-Marie, Luc et Chantal<\/strong> et notre nouvelle aide cuisine <strong>M\u00e9lissa<\/strong> &nbsp;<br>Team Rattrack : <strong>Brice <\/strong>pour les multiples transports \u00e0 notre arriv\u00e9e et au d\u00e9part,<strong> Johnny<\/strong> pour le milieu de la semaine avec les diff\u00e9rents arr\u00eats t\u00e9l\u00e9ski \ud83d\ude09&nbsp;<br><strong>Patrick et Clive<\/strong> pour les trajets du lundi&nbsp;<br><strong>Julien Tornay<\/strong> (Tornay D\u00e9m\u00e9nagement) pour le pr\u00eat du bus pour le lundi<\/p>\n\n\n\n<p>J\u2019ai peut-\u00eatre oubli\u00e9 du monde, je ne l&rsquo;esp\u00e8re pas mais je remercie tout le monde sinc\u00e8rement, et merci \u00e0 vous parents de nous avoir laiss\u00e9 vos enfants pour cette belle semaine.&nbsp;<\/p>\n\n\n\n<p>Je tiens \u00e0 pr\u00e9ciser \u00e9galement que nous avons atteint un nombre maximum possible au chalet lors de cette \u00e9dition, les places seront d\u00e9sormais limit\u00e9es au premier arriv\u00e9, premier servi.&nbsp;<\/p>\n\n\n\n<p>Listes des enfants qui ont particip\u00e9 \u00e0 cette semaine :&nbsp;&nbsp;<\/p>\n\n\n\n<p><strong>Ad\u00e9lie, Angie, Aloane, Emeline, Emily, Jared, L\u00e9o, Liam, Louis, Ma\u00ebl, Maxime, Noa.D, Noa.P, Quentin, Sarah, Shania, Simon, Solal, Talia, T\u00e9o, Thibault, Tiffany, Yanis.<\/strong>&nbsp;<\/p>\n\n\n\n<p>En pi\u00e8ce jointe, les r\u00e9sultats du Salom.&nbsp;<\/p>\n\n\n\n<p>A tr\u00e8s bient\u00f4t&nbsp;<\/p>\n\n\n\n<div class=\"wp-block-group\"><div class=\"wp-block-group__inner-container is-layout-constrained wp-block-group-is-layout-constrained\">\n<div class=\"wp-block-file\"><a id=\"wp-block-file--media-c424d700-92d7-418f-bba6-4021310be043\" href=\"https:\/\/skiclublavey.ch\/wp-content\/uploads\/Classement-Slalom-2023.pdf\">Classement-Slalom-2023<\/a><a href=\"https:\/\/skiclublavey.ch\/wp-content\/uploads\/Classement-Slalom-2023.pdf\" class=\"wp-block-file__button wp-element-button\" download aria-describedby=\"wp-block-file--media-c424d700-92d7-418f-bba6-4021310be043\">T\u00e9l\u00e9charger<\/a><\/div>\n<\/div><\/div>\n\n\n\n<p>Deladoey Sa\u00efda pour la Team OJ&nbsp;<\/p>\n\n\n\n<p><\/p>\n","protected":false},"excerpt":{"rendered":"<p>Voil\u00e0 c\u2019est termin\u00e9, avec un peu de m\u00e9lancolie car cela fut encore une semaine incroyablement r\u00e9ussie.&nbsp; Avant de vous d\u00e9tailler la semaine, il faut dire que beaucoup avait des doutes qu\u2019elle ait lieu, le manque de neige \u00e9tant bien pr\u00e9sent, mais nous on n&rsquo;a pas douter une seconde et on a bien eu raison. Oui [&hellip;]<\/p>\n","protected":false},"author":2,"featured_media":0,"comment_status":"open","ping_status":"open","sticky":false,"template":"","format":"standard","meta":{"ngg_post_thumbnail":0,"jetpack_post_was_ever_published":false,"_jetpack_newsletter_access":"","_jetpack_dont_email_post_to_subs":false,"_jetpack_newsletter_tier_id":0,"_jetpack_memberships_contains_paywalled_content":false,"_jetpack_memberships_contains_paid_content":false,"footnotes":"","jetpack_publicize_message":"","jetpack_publicize_feature_enabled":true,"jetpack_social_post_already_shared":true,"jetpack_social_options":{"image_generator_settings":{"template":"highway","default_image_id":0,"font":"","enabled":false},"version":2}},"categories":[2],"tags":[],"class_list":["post-1963","post","type-post","status-publish","format-standard","hentry","category-oj"],"aioseo_notices":[],"views":"","jetpack_publicize_connections":[],"jetpack_featured_media_url":"","jetpack_sharing_enabled":true,"jetpack_shortlink":"https:\/\/wp.me\/p7Sgjo-vF","jetpack_likes_enabled":true,"_links":{"self":[{"href":"https:\/\/skiclublavey.ch\/index.php?rest_route=\/wp\/v2\/posts\/1963","targetHints":{"allow":["GET"]}}],"collection":[{"href":"https:\/\/skiclublavey.ch\/index.php?rest_route=\/wp\/v2\/posts"}],"about":[{"href":"https:\/\/skiclublavey.ch\/index.php?rest_route=\/wp\/v2\/types\/post"}],"author":[{"embeddable":true,"href":"https:\/\/skiclublavey.ch\/index.php?rest_route=\/wp\/v2\/users\/2"}],"replies":[{"embeddable":true,"href":"https:\/\/skiclublavey.ch\/index.php?rest_route=%2Fwp%2Fv2%2Fcomments&post=1963"}],"version-history":[{"count":3,"href":"https:\/\/skiclublavey.ch\/index.php?rest_route=\/wp\/v2\/posts\/1963\/revisions"}],"predecessor-version":[{"id":1967,"href":"https:\/\/skiclublavey.ch\/index.php?rest_route=\/wp\/v2\/posts\/1963\/revisions\/1967"}],"wp:attachment":[{"href":"https:\/\/skiclublavey.ch\/index.php?rest_route=%2Fwp%2Fv2%2Fmedia&parent=1963"}],"wp:term":[{"taxonomy":"category","embeddable":true,"href":"https:\/\/skiclublavey.ch\/index.php?rest_route=%2Fwp%2Fv2%2Fcategories&post=1963"},{"taxonomy":"post_tag","embeddable":true,"href":"https:\/\/skiclublavey.ch\/index.php?rest_route=%2Fwp%2Fv2%2Ftags&post=1963"}],"curies":[{"name":"wp","href":"https:\/\/api.w.org\/{rel}","templated":true}]}}