{"id":1597,"date":"2021-07-14T09:11:54","date_gmt":"2021-07-14T07:11:54","guid":{"rendered":"https:\/\/skiclublavey.ch\/?p=1597"},"modified":"2021-07-14T09:11:58","modified_gmt":"2021-07-14T07:11:58","slug":"1-er-aout-2021-lavey-village","status":"publish","type":"post","link":"https:\/\/skiclublavey.ch\/?p=1597","title":{"rendered":"1 er ao\u00fbt 2021 Lavey-Village"},"content":{"rendered":"\n<p>Cette ann\u00e9e la Roccan\u2019s team ne reprenant pas la f\u00eate du 1 er Ao\u00fbt au village le comit\u00e9 du ski club Lavey s\u2019est avanc\u00e9 aupr\u00e8s de la commune afin de reprendre l\u2019organisation.<\/p>\n\n\n\n<p>Mais pour cela nous avons besoin de vous, un groupe s\u2019est d\u00e9j\u00e0 form\u00e9 pour le travail de pr\u00e9paration mais nous aurions besoin de votre aide pour les divers postes de la f\u00eate, a savoir, la mise en place de la f\u00eate le jour avant, le bar, les grillades, et autres activit\u00e9s lors de la manifestation ainsi que pour le rangement.<\/p>\n\n\n\n<p>Si vous \u00eates int\u00e9ress\u00e9s \u00e0 aider lors de cette f\u00eate que nous esp\u00e9rons belle merci d\u2019envoyer un message \u00e0 <a href=\"mailto:president@skiclublavey.ch\">president@skiclublavey.ch<\/a> d\u2019ici au vendredi 16 juillet.<\/p>\n\n\n\n<p>Meilleures salutations.<\/p>\n\n\n\n<p>Pour le comit\u00e9 du Ski Club lavey<\/p>\n\n\n\n<p>Patrick Zeiter<\/p>\n","protected":false},"excerpt":{"rendered":"<p>Cette ann\u00e9e la Roccan\u2019s team ne reprenant pas la f\u00eate du 1 er Ao\u00fbt au village le comit\u00e9 du ski club Lavey s\u2019est avanc\u00e9 aupr\u00e8s de la commune afin de reprendre l\u2019organisation. Mais pour cela nous avons besoin de vous, un groupe s\u2019est d\u00e9j\u00e0 form\u00e9 pour le travail de pr\u00e9paration mais nous aurions besoin de [&hellip;]<\/p>\n","protected":false},"author":4,"featured_media":0,"comment_status":"open","ping_status":"open","sticky":false,"template":"","format":"standard","meta":{"ngg_post_thumbnail":0,"jetpack_post_was_ever_published":false,"_jetpack_newsletter_access":"","_jetpack_dont_email_post_to_subs":false,"_jetpack_newsletter_tier_id":0,"_jetpack_memberships_contains_paywalled_content":false,"_jetpack_memberships_contains_paid_content":false,"footnotes":"","jetpack_publicize_message":"","jetpack_publicize_feature_enabled":true,"jetpack_social_post_already_shared":true,"jetpack_social_options":{"image_generator_settings":{"template":"highway","default_image_id":0,"font":"","enabled":false},"version":2}},"categories":[47],"tags":[],"class_list":["post-1597","post","type-post","status-publish","format-standard","hentry","category-annonce"],"aioseo_notices":[],"views":{"total":57,"cached_at":1664987257},"jetpack_publicize_connections":[],"jetpack_featured_media_url":"","jetpack_sharing_enabled":true,"jetpack_shortlink":"https:\/\/wp.me\/p7Sgjo-pL","jetpack_likes_enabled":true,"_links":{"self":[{"href":"https:\/\/skiclublavey.ch\/index.php?rest_route=\/wp\/v2\/posts\/1597","targetHints":{"allow":["GET"]}}],"collection":[{"href":"https:\/\/skiclublavey.ch\/index.php?rest_route=\/wp\/v2\/posts"}],"about":[{"href":"https:\/\/skiclublavey.ch\/index.php?rest_route=\/wp\/v2\/types\/post"}],"author":[{"embeddable":true,"href":"https:\/\/skiclublavey.ch\/index.php?rest_route=\/wp\/v2\/users\/4"}],"replies":[{"embeddable":true,"href":"https:\/\/skiclublavey.ch\/index.php?rest_route=%2Fwp%2Fv2%2Fcomments&post=1597"}],"version-history":[{"count":1,"href":"https:\/\/skiclublavey.ch\/index.php?rest_route=\/wp\/v2\/posts\/1597\/revisions"}],"predecessor-version":[{"id":1598,"href":"https:\/\/skiclublavey.ch\/index.php?rest_route=\/wp\/v2\/posts\/1597\/revisions\/1598"}],"wp:attachment":[{"href":"https:\/\/skiclublavey.ch\/index.php?rest_route=%2Fwp%2Fv2%2Fmedia&parent=1597"}],"wp:term":[{"taxonomy":"category","embeddable":true,"href":"https:\/\/skiclublavey.ch\/index.php?rest_route=%2Fwp%2Fv2%2Fcategories&post=1597"},{"taxonomy":"post_tag","embeddable":true,"href":"https:\/\/skiclublavey.ch\/index.php?rest_route=%2Fwp%2Fv2%2Ftags&post=1597"}],"curies":[{"name":"wp","href":"https:\/\/api.w.org\/{rel}","templated":true}]}}