{"id":1251,"date":"2021-02-16T21:30:24","date_gmt":"2021-02-16T20:30:24","guid":{"rendered":"http:\/\/skiclublavey.ch\/?p=1251"},"modified":"2021-02-16T21:42:56","modified_gmt":"2021-02-16T20:42:56","slug":"info-oj-2021","status":"publish","type":"post","link":"https:\/\/skiclublavey.ch\/?p=1251","title":{"rendered":"Info OJ 2021"},"content":{"rendered":"\n<p>Ch\u00e8re Membre du Ski-club de Lavey,<\/p>\n\n\n\n<p>Apr\u00e8s une pause estivale chaude et covid\u00e9e, il est temps de se pr\u00e9parer \u00e0 notre activit\u00e9 favorite dans la fra\u00eecheur de nos montagnes, sur son beau manteau blanc, a savoir le ski.<\/p>\n\n\n\n<!--more-->\n\n\n\n<p>Les incertitudes li\u00e9es a la neige, telle que nous avons eux l\u2019ann\u00e9e pr\u00e9c\u00e9dente ainsi que la Covid-19 n\u2019ont pas r\u00e9ussit \u00e0 entam\u00e9s notre d\u00e9votion et motivation. Nous serons l\u00e0, et vous ? \u00cates-vous pr\u00eat a relever le d\u00e9fi ? Nous allons faire notre possible pour offrir \u00e0 vos enfants une saison OJ correct et m\u00eame plus. Nous allons bien entendu devoir respecter les r\u00e8gles sanitaire du mieux que l\u2019on peut.<\/p>\n\n\n\n<p>Nous entamons une nouvelle saison avec la m\u00eame \u00e9quipe que l\u2019ann\u00e9e pass\u00e9e, nous allons pouvoir accueillir de nouveaux enfants. Des places sont donc disponibles pour les petites s\u0153urs et petits fr\u00e8res, ou nouveau skieur de la r\u00e9gion. Nous rappelons les conditions, avoir 7 ans r\u00e9volus et \u00eatre capable de monter seul le t\u00e9l\u00e9ski des Martinaux.<\/p>\n\n\n\n<p>Concernant les moniteurs, nous sommes assez pour assurer un nombre suffisant \u00e0 chaque sortie. Cela dit, nous sommes bien entendu ouvert afin de renforcer l\u2019effectif des moniteurs, jeunes ou moins jeunes. L\u2019\u00e9quipe de cette ann\u00e9e se compose de&nbsp;: Antoine Kambert (resp. ski), Sa\u00efda Deladoey, Ma\u00eblle Clerc, Norber Ponnaz, Julia Rittener et Patrick Zeiter,.<\/p>\n\n\n\n<p><\/p>\n\n\n\n<ul class=\"wp-block-list\"><li><strong>Sorties<\/strong><\/li><\/ul>\n\n\n\n<p>5 sorties ski ont \u00e9t\u00e9 programm\u00e9es cette saison, sans pour autant d\u00e9finir le lieu, ni le format. La m\u00e9t\u00e9o et restriction COVID d\u00e9cideront. Tout comme on ne peux pas garantir que les 5 sorties auront lieu.<\/p>\n\n\n\n<p>Les sorties aux Martinaux auront pour vocation d\u2019am\u00e9liorer le ski de vos enfants, via des \u00ab&nbsp;cours&nbsp;\u00bb de ski, les skieurs auront ainsi la possibilt\u00e9 de se pr\u00e9parer pour les \u201cniveaux\u201d. Par cons\u00e9quent, les sorties aux Martinaux sont importantes.<\/p>\n\n\n\n<p>Les sorties en stations auront pour but premier le plaisir, la d\u00e9couverte d\u2019autres endroits. Les groupes seront form\u00e9s en fonctions des aptitudes des skieurs, ind\u00e9pendamment de leur \u00e2ge.<\/p>\n\n\n\n<p>Tout comme la saison pr\u00e9c\u00e9dente, pas besoin de pique-nique pour les sorties aux Martinaux, uniquement pour les sorties station.<\/p>\n\n\n\n<p>Comme d\u2019habitude, ne pas oublier de prendre un \u00e9quipement adapt\u00e9, \u00e0 savoir&nbsp;: des lunettes de ski ou de soleil, de la cr\u00e8me solaire, le casque (port vivement recommand\u00e9) vos skis et votre bonne humeur.<\/p>\n\n\n\n<p>Pour les sorties en station, une participation de Fr. 20.- par enfant est demand\u00e9e, payable le matin de la sortie.<\/p>\n\n\n\n<ul class=\"wp-block-list\"><li><strong>Transports<\/strong><\/li><\/ul>\n\n\n\n<p>Concernant les transports, nous souhaitons renouveler notre demande aux parents d\u2019assurer une partie des transports pour les Martinaux. Sans cela, nous ne serons pas en mesure d&rsquo;assurer les sorties.<\/p>\n\n\n\n<p>Pour les sorties en station, nous louerons 1 ou 2 v\u00e9hicules selon les besoins.<\/p>\n\n\n\n<ul class=\"wp-block-list\"><li><strong>Semaine OJ<\/strong><\/li><\/ul>\n\n\n\n<p>La semaine OJ sera organis\u00e9e durant la traditionnelle semaine de vacances Valaisanne, celle de Carnaval. Les d\u00e9tails du d\u00e9but ainsi que du d\u00e9roulement du camp viendront ult\u00e9rieurement. L\u2019\u00e9quipe \u00e9tant partiellement rod\u00e9e, nous devons faire le point avec les moniteurs afin d\u2019assurer une excellente qualit\u00e9. La semaine OJ sera compl\u00e8te et d\u00e9butera le lundi 23 f\u00e9vrier et se terminera comme le veux la coutume le samedi 28. La journ\u00e9e des parents aura lieu le samedi 28, avec le concours qui est ouvert \u00e9galement aux enfant ne faisant pas la semaine au chalet.<\/p>\n\n\n\n<p>Les informations d\u00e9taill\u00e9es de la semaine vous parviendront ult\u00e9rieurement, mais nous serions reconnaissants aux personnes pensant inscrire leurs enfants de nous en informer au plus t\u00f4t de mani\u00e8re \u00e0 ce que nous puissions planifier la logistique. Nous vous rappelons que la semaine OJ est r\u00e9serv\u00e9e aux enfants \u00e0 partir de 9 ans.<\/p>\n\n\n\n<ul class=\"wp-block-list\"><li><strong>Week-End OJ<\/strong><\/li><\/ul>\n\n\n\n<p>Un week-end au Martinaux est pr\u00e9vu cette ann\u00e9e, il aura lieu le 29\/30 mai. Ce ne sera pas un week-end de ski. Surprise surprise.<\/p>\n\n\n\n<ul class=\"wp-block-list\"><li><strong>Jour \/ nuit Rocanne<\/strong><\/li><\/ul>\n\n\n\n<p>Lors de la journ\u00e9e \/ nuit Rocanne, l\u2019OJ participera activement en organisant un slalom pour les jeunes du village. Le but \u00e9tant de faire d\u00e9couvrir nos activit\u00e9s a la population tout en s\u2019amusant. La pr\u00e9sence des enfants est donc requise.<\/p>\n\n\n\n<ul class=\"wp-block-list\"><li><strong>Calendrier 2021<\/strong><\/li><\/ul>\n\n\n\n<figure class=\"wp-block-table\"><table><tbody><tr><td><strong>Date<\/strong><br><\/td><td><strong>Activit\u00e9<\/strong><br><\/td><\/tr><tr><td>17 Janvier<\/td><td>Sortie ski<\/td><\/tr><tr><td>31 Janvier<\/td><td>Sortie ski<\/td><\/tr><tr><td>7 F\u00e9vrier<\/td><td>Sortie ski<\/td><\/tr><tr><td>15-20 F\u00e9vrier<\/td><td>Camp<\/td><\/tr><tr><td>17 F\u00e9vrier<\/td><td>Camp \u2013 Journ\u00e9e d\u00e9couverte<\/td><\/tr><tr><td>20 F\u00e9vrier<\/td><td>Concours<\/td><\/tr><tr><td>7 Mars<\/td><td>Sortie ski<\/td><\/tr><tr><td>21 Mars<\/td><td>Sortie ski<\/td><\/tr><tr><td>29-30 Mars<\/td><td>Week-end Surprise<\/td><\/tr><tr><td>5 Juin (11 Septembre)<\/td><td>Nuit Rocanne &#8211; Slalom<\/td><\/tr><\/tbody><\/table><\/figure>\n\n\n\n<ul class=\"wp-block-list\"><li><strong>Cotisations<\/strong><\/li><\/ul>\n\n\n\n<p>Les cotisations sont obligatoires pour pouvoir faire partie de l&rsquo;OJ. Si le paiement n&rsquo;a pas \u00e9t\u00e9 effectu\u00e9 d&rsquo;ici <strong>le 10<\/strong><sup><u><strong>er<\/strong><\/u><\/sup><strong> janvier<\/strong> nous consid\u00e9rerons que votre enfant ne d\u00e9sire plus faire partie de l&rsquo; OJ.<\/p>\n\n\n\n<p>Nous pr\u00e9f\u00e9rerions toutefois avoir un petit contact de votre part, ce qui \u00e9vite tout quiproquo.<\/p>\n\n\n\n<p>Le montant des cotisations est de 40.- par enfant avec le bulletin ci-joint.<\/p>\n\n\n\n<ul class=\"wp-block-list\"><li><strong>Inscriptions<\/strong><\/li><\/ul>\n\n\n\n<p>Afin de pouvoir accueillir de nouveaux enfants aux OJ, il est important pour nous de savoir si vos enfants continuerons de prendre part aux activit\u00e9s et si vous souhaitez inscrire un fr\u00e8re ou une s\u0153ur.<\/p>\n\n\n\n<p>Nous vous prions donc de remplir le bulletin ci-dessous. Tous les enfants voulant prendre part aux OJ doivent \u00eatre r\u00e9inscrits pour des raisons de mise \u00e0 jour des informations.<\/p>\n\n\n\n<p><strong>Inscription OJ, saison 2021<\/strong><\/p>\n\n\n\n<p><strong>Remarque\u00a0<\/strong>: Le Ski-Club Lavey ainsi que l\u2019encadrement d\u00e9clinent toute responsabilit\u00e9 en cas d\u2019accident survenant durant les activit\u00e9s dont ils sont les organisateurs.<\/p>\n\n\n\n<div class=\"wp-block-file\"><a href=\"https:\/\/skiclublavey.ch\/wp-content\/uploads\/Inscription-OJ.pdf\">T\u00e9l\u00e9charger le formulaire d\u2019inscription ici: Inscription OJ<\/a><a href=\"https:\/\/skiclublavey.ch\/wp-content\/uploads\/Inscription-OJ.pdf\" class=\"wp-block-file__button\" download>T\u00e9l\u00e9charger<\/a><\/div>\n\n\n\n<p><\/p>\n","protected":false},"excerpt":{"rendered":"<p>Ch\u00e8re Membre du Ski-club de Lavey, Apr\u00e8s une pause estivale chaude et covid\u00e9e, il est temps de se pr\u00e9parer \u00e0 notre activit\u00e9 favorite dans la fra\u00eecheur de nos montagnes, sur son beau manteau blanc, a savoir le ski.<\/p>\n","protected":false},"author":2,"featured_media":1254,"comment_status":"open","ping_status":"open","sticky":false,"template":"","format":"standard","meta":{"ngg_post_thumbnail":189,"jetpack_post_was_ever_published":false,"_jetpack_newsletter_access":"","_jetpack_dont_email_post_to_subs":false,"_jetpack_newsletter_tier_id":0,"_jetpack_memberships_contains_paywalled_content":false,"_jetpack_memberships_contains_paid_content":false,"footnotes":"","jetpack_publicize_message":"","jetpack_publicize_feature_enabled":true,"jetpack_social_post_already_shared":true,"jetpack_social_options":{"image_generator_settings":{"template":"highway","default_image_id":0,"font":"","enabled":false},"version":2}},"categories":[53],"tags":[],"class_list":["post-1251","post","type-post","status-publish","format-standard","has-post-thumbnail","hentry","category-oj-info"],"aioseo_notices":[],"views":{"total":32,"cached_at":""},"jetpack_publicize_connections":[],"jetpack_featured_media_url":"https:\/\/skiclublavey.ch\/wp-content\/uploads\/nggallery_import\/210216_0079_pano.jpg","jetpack_sharing_enabled":true,"jetpack_shortlink":"https:\/\/wp.me\/p7Sgjo-kb","jetpack_likes_enabled":true,"_links":{"self":[{"href":"https:\/\/skiclublavey.ch\/index.php?rest_route=\/wp\/v2\/posts\/1251","targetHints":{"allow":["GET"]}}],"collection":[{"href":"https:\/\/skiclublavey.ch\/index.php?rest_route=\/wp\/v2\/posts"}],"about":[{"href":"https:\/\/skiclublavey.ch\/index.php?rest_route=\/wp\/v2\/types\/post"}],"author":[{"embeddable":true,"href":"https:\/\/skiclublavey.ch\/index.php?rest_route=\/wp\/v2\/users\/2"}],"replies":[{"embeddable":true,"href":"https:\/\/skiclublavey.ch\/index.php?rest_route=%2Fwp%2Fv2%2Fcomments&post=1251"}],"version-history":[{"count":2,"href":"https:\/\/skiclublavey.ch\/index.php?rest_route=\/wp\/v2\/posts\/1251\/revisions"}],"predecessor-version":[{"id":1255,"href":"https:\/\/skiclublavey.ch\/index.php?rest_route=\/wp\/v2\/posts\/1251\/revisions\/1255"}],"wp:featuredmedia":[{"embeddable":true,"href":"https:\/\/skiclublavey.ch\/index.php?rest_route=\/wp\/v2\/media\/1254"}],"wp:attachment":[{"href":"https:\/\/skiclublavey.ch\/index.php?rest_route=%2Fwp%2Fv2%2Fmedia&parent=1251"}],"wp:term":[{"taxonomy":"category","embeddable":true,"href":"https:\/\/skiclublavey.ch\/index.php?rest_route=%2Fwp%2Fv2%2Fcategories&post=1251"},{"taxonomy":"post_tag","embeddable":true,"href":"https:\/\/skiclublavey.ch\/index.php?rest_route=%2Fwp%2Fv2%2Ftags&post=1251"}],"curies":[{"name":"wp","href":"https:\/\/api.w.org\/{rel}","templated":true}]}}